{"id":12206,"date":"2023-02-08T18:17:46","date_gmt":"2023-02-08T18:17:46","guid":{"rendered":"http:\/\/conversaspanishinstitute.com\/?p=12206"},"modified":"2023-02-08T18:17:49","modified_gmt":"2023-02-08T18:17:49","slug":"une-annee-de-vacances-en-espagnol","status":"publish","type":"post","link":"https:\/\/conversaspanishinstitute.com\/fr\/blog\/une-annee-de-vacances-en-espagnol\/","title":{"rendered":"Une ann\u00e9e de vacances en espagnol"},"content":{"rendered":"<!--?xml encoding=\"utf-8\" ?--><p>Comme 2023 vient \u00e0 peine de commencer, c'est une ann\u00e9e enti\u00e8re de vacances qui nous attend. Si tu es un planificateur, tu es peut-\u00eatre d\u00e9j\u00e0 en train de penser \u00e0 la fa\u00e7on dont tu esp\u00e8res passer le temps libre du travail et de l'\u00e9cole ! Si tu pr\u00e9f\u00e8res les activit\u00e9s plus spontan\u00e9es, garde ce vocabulaire \u00e0 l'esprit quand viendra le moment de faire la f\u00eate. En ce qui concerne les f\u00eates en espagnol, rappelle-toi que toutes les f\u00eates ne sont pas c\u00e9l\u00e9br\u00e9es partout. Nous allons te montrer quelques f\u00eates dont tu pourrais parler, et de nouvelles dont tu pourrais entendre parler !<\/p>\n\n\n\n<h2 class=\"wp-block-heading\">Vacances en espagnol pour les personnes dont l'anglais est la langue maternelle<\/h2>\n\n\n\n<p>Il s'agit de quelques f\u00eates qui te sont peut-\u00eatre famili\u00e8res en tant qu'anglophone, car elles ont tendance \u00e0 \u00eatre courantes dans le monde anglophone. Nous te dirons \u00e9galement les <a href=\"http:\/\/conversaspanishinstitute.com\/fr\/blog\/vocabulario-viernes-mois-en-espagnol\/\" target=\"_blank\" rel=\"noreferrer noopener\" title=\"Vocabulario Viernes : Mois en espagnol\">date en espagnol<\/a> aussi pour les f\u00eates qui ont lieu le m\u00eame jour chaque ann\u00e9e, juste pour un peu de pratique suppl\u00e9mentaire. N'oublie pas que la formule pour la date est \"<em>el<\/em> + jour + <em>de<\/em> + month\u201d.<\/p>\n\n\n\n<ol class=\"wp-block-list\">\n<li><strong>El A\u00f1o Nuevo <\/strong>\u2013 <em>New Year\u2019s Day<\/em>: el 1 <em>(primero)<\/em> de enero<\/li>\n\n\n\n<li><strong>El D\u00eda de San Valent\u00edn\/El d\u00eda del amor y la amidad<\/strong> \u2013 <em>Valentine\u2019s Day: el 14 de febrero<\/em><\/li>\n\n\n\n<li><strong>El D\u00eda de San Patricio <\/strong>\u2013<strong> <\/strong><em>Saint Patrick\u2019s Day: el 17 de marzi<\/em><\/li>\n\n\n\n<li><strong>La Pascua <\/strong>\u2013 <em>P\u00e2ques :<\/em> <em><a href=\"https:\/\/en.wikipedia.org\/wiki\/Easter\" target=\"_blank\" rel=\"noreferrer noopener\">Cela d\u00e9pend de l'ann\u00e9e<\/a><\/em><\/li>\n\n\n\n<li><strong>El D\u00eda de los Santos Inocentes<\/strong> \u2013 <em>April Fool\u2019s Day: El 1 (primero) de abril<\/em><\/li>\n\n\n\n<li><strong>El D\u00eda de la Madre<\/strong> \u2013 <em>Mother\u2019s Day: different, depending on the country<\/em><\/li>\n\n\n\n<li><strong>El D\u00eda del Padre<\/strong> \u2013 <em>Father\u2019s Day: different, depending on the country<\/em><\/li>\n\n\n\n<li><strong>La Noche de Brujas<\/strong> \u2013 <em>Halloween : el 31 de octubre<\/em><\/li>\n\n\n\n<li><strong>El D\u00eda de Acci\u00f3n de Gracias<\/strong> \u2013 <em>Thanksgiving : <\/em>diff\u00e9rents, selon le pays <\/li>\n\n\n\n<li><strong>La Noche Buena<\/strong> \u2013 <em>Veille de No\u00ebl : el 24 de diciembre<\/em><\/li>\n\n\n\n<li><strong>La Navidad <\/strong>\u2013 <em>Jour de No\u00ebl : el 25 de diciembre<\/em><\/li>\n\n\n\n<li><strong>La Nochevieja<\/strong> \u2013 <em>New Year\u2019s Eve: el 31 de diciembre<\/em><\/li>\n<\/ol>\n\n\n\n<h2 class=\"wp-block-heading\">F\u00eates du monde hispanophone<\/h2>\n\n\n\n<div class=\"internal-linking-related-contents-pro\"><a href=\"https:\/\/conversaspanishinstitute.com\/fr\/blog\/faux-amis\/\" class=\"template-4\"><img width=\"250\" height=\"159\" src=\"https:\/\/conversaspanishinstitute.com\/wp-content\/uploads\/2017\/11\/CONVERSA-false-friends.png\" class=\"alignleft wp-post-image\" alt=\"CONVERSA espagnol anglais faux amis\" srcset=\"https:\/\/conversaspanishinstitute.com\/wp-content\/uploads\/2017\/11\/CONVERSA-false-friends.png 825w, https:\/\/conversaspanishinstitute.com\/wp-content\/uploads\/2017\/11\/CONVERSA-false-friends-600x382.png 600w, https:\/\/conversaspanishinstitute.com\/wp-content\/uploads\/2017\/11\/CONVERSA-false-friends-300x191.png 300w, https:\/\/conversaspanishinstitute.com\/wp-content\/uploads\/2017\/11\/CONVERSA-false-friends-768x489.png 768w\" sizes=\"(max-width: 250px) 100vw, 250px\"><div class=\"postTitle\"><span><strong>Lire la suite<\/strong>Vid\u00e9o : Faux amis espagnol-anglais<\/span><\/div><\/a><\/div><p>Dans le monde hispanophone, il y a des f\u00eates que les anglophones de naissance ne connaissent peut-\u00eatre pas beaucoup, ou dont ils n'ont peut-\u00eatre m\u00eame jamais entendu parler. Voici quelques f\u00eates que tu pourrais rencontrer en continuant \u00e0 apprendre l'espagnol :<\/p>\n\n\n\n<ol class=\"wp-block-list\">\n<li><strong>El D\u00eda de los Reyes Magos <\/strong>\u2013 <em>Le jour des trois rois : el 6 de enero. Pour beaucoup d'enfants dans le monde, c'est le jour o\u00f9 les trois rois mages apportent des cadeaux aux enfants, comme ils l'ont fait pour l'enfant J\u00e9sus.<\/em><\/li>\n\n\n\n<li><strong>La Semaine Sainte<\/strong> \u2013 <em>La semaine sainte de P\u00e2ques : De nombreux pays hispanophones c\u00e9l\u00e8brent toute la semaine de P\u00e2ques<\/em><\/li>\n\n\n\n<li><strong>Le 5 mai<\/strong> \u2013 <em>De nombreuses r\u00e9gions du Mexique le c\u00e9l\u00e8brent, ainsi que les Mexicains des \u00c9tats-Unis. Ce n'est pas le jour de l'ind\u00e9pendance mexicaine, mais un jour pour se souvenir de la bataille de Puebla.<\/em><\/li>\n\n\n\n<li><strong>Los Sanfermines<\/strong> \u2013 <em>Festival of San Ferm\u00edn: el 6 de julio \u2013 el 14 de julio. You might have heard of this Pamplona holiday as the running of the bulls!<\/em><\/li>\n\n\n\n<li><strong>El D\u00eda de los Muertos<\/strong> \u2013 <em>Day of the Dead: el 1 (primero) de noviembre \u2013 el 2 de noviembre. This holiday remembers loved ones who have passed. Remember, it\u2019s not Halloween!<\/em><\/li>\n\n\n\n<li><strong>Las Posadas <\/strong>\u2013 \u201c<em>The Inns\u201d: el 16 de diciembre \u2013 el 24 de diciembre. Throughout Mexico and Central America, participants reenact the journey Mary and Joseph made for a place where Mary could give birth to baby Jesus.<\/em><\/li>\n<\/ol>\n\n\n\n<p>Avec ces dates, tu seras pr\u00eat \u00e0 parler de tes projets, de tes traditions pr\u00e9f\u00e9r\u00e9es et \u00e0 en apprendre davantage sur la culture du monde hispanophone !<\/p>","protected":false},"excerpt":{"rendered":"<p>Since 2023 has only just begun, there\u2019s a whole year of holidays ahead of us. If you\u2019re a planner, you might already be thinking of how you\u2019re hoping to spend time off of work and school! If you prefer more spontaneous activities, keep this vocabulary in mind when the time comes to celebrate. When it [&hellip;]<\/p>","protected":false},"author":24,"featured_media":12208,"comment_status":"open","ping_status":"open","sticky":false,"template":"","format":"standard","meta":{"_acf_changed":false,"_jetpack_memberships_contains_paid_content":false,"footnotes":""},"categories":[23,34,7,141,30,87,97,24],"tags":[448,75,88,155,49,103],"class_list":["post-12206","post","type-post","status-publish","format-standard","has-post-thumbnail","hentry","category-a1","category-b1","category-blog","category-culture","category-grammar","category-language","category-spanish","category-vocabulary","tag-holidays-in-spanish","tag-learn-spanish-online","tag-learn-to-speak-spanish","tag-spanish-holidays","tag-spanish-vocabulary","tag-traveling-abroad"],"acf":[],"jetpack_featured_media_url":"https:\/\/conversaspanishinstitute.com\/wp-content\/uploads\/2023\/02\/1.png","jetpack_sharing_enabled":true,"_links":{"self":[{"href":"https:\/\/conversaspanishinstitute.com\/fr\/wp-json\/wp\/v2\/posts\/12206","targetHints":{"allow":["GET"]}}],"collection":[{"href":"https:\/\/conversaspanishinstitute.com\/fr\/wp-json\/wp\/v2\/posts"}],"about":[{"href":"https:\/\/conversaspanishinstitute.com\/fr\/wp-json\/wp\/v2\/types\/post"}],"author":[{"embeddable":true,"href":"https:\/\/conversaspanishinstitute.com\/fr\/wp-json\/wp\/v2\/users\/24"}],"replies":[{"embeddable":true,"href":"https:\/\/conversaspanishinstitute.com\/fr\/wp-json\/wp\/v2\/comments?post=12206"}],"version-history":[{"count":0,"href":"https:\/\/conversaspanishinstitute.com\/fr\/wp-json\/wp\/v2\/posts\/12206\/revisions"}],"wp:featuredmedia":[{"embeddable":true,"href":"https:\/\/conversaspanishinstitute.com\/fr\/wp-json\/wp\/v2\/media\/12208"}],"wp:attachment":[{"href":"https:\/\/conversaspanishinstitute.com\/fr\/wp-json\/wp\/v2\/media?parent=12206"}],"wp:term":[{"taxonomy":"category","embeddable":true,"href":"https:\/\/conversaspanishinstitute.com\/fr\/wp-json\/wp\/v2\/categories?post=12206"},{"taxonomy":"post_tag","embeddable":true,"href":"https:\/\/conversaspanishinstitute.com\/fr\/wp-json\/wp\/v2\/tags?post=12206"}],"curies":[{"name":"wp","href":"https:\/\/api.w.org\/{rel}","templated":true}]}}