{"id":12844,"date":"2023-09-30T21:00:00","date_gmt":"2023-09-30T21:00:00","guid":{"rendered":"https:\/\/conversaspanishinstitute.com\/?p=12844"},"modified":"2023-09-30T17:34:09","modified_gmt":"2023-09-30T17:34:09","slug":"mots-et-phrases-essentiels-de-lautomne","status":"publish","type":"post","link":"https:\/\/conversaspanishinstitute.com\/fr\/blog\/essential-fall-words-and-phrases\/","title":{"rendered":"Mots et expressions essentiels de l'automne"},"content":{"rendered":"<!--?xml encoding=\"utf-8\" ?--><p>When the leaves change and the air gets crisp, it feels like we\u2019re stepping into a new world. Days are filled with <a href=\"https:\/\/conversaspanishinstitute.com\/fr\/blog\/une-annee-de-vacances-en-espagnol\/\" target=\"_blank\" rel=\"noreferrer noopener\" title=\"Une ann\u00e9e de vacances en espagnol\">diff\u00e9rents festivals et traditions<\/a>En automne, les repas sp\u00e9ciaux et les g\u00e2teries remplissent nos cuisines. Il y a certainement des aliments, des activit\u00e9s et des descriptions que tu voudras conna\u00eetre, et ces mots essentiels de l'automne t'aideront \u00e0 parler de tes choses pr\u00e9f\u00e9r\u00e9es.<\/p>\n\n\n\n<p>Il ne fait aucun doute que l'automne se pr\u00e9sente diff\u00e9remment selon tes origines, l'endroit o\u00f9 tu te trouves dans le monde et tes int\u00e9r\u00eats personnels. Chaque ville, qu'elle soit situ\u00e9e dans un pays hispanophone ou non, aura des traits uniques qui la distingueront de toutes les autres. J'esp\u00e8re que les mots d'automne suivants susciteront ton int\u00e9r\u00eat pour en savoir plus sur ce que tu aimes (ou n'aimes pas) \u00e0 cette p\u00e9riode de l'ann\u00e9e.<\/p>\n\n\n\n<h2 class=\"wp-block-heading\">Les mots essentiels de l'automne<\/h2>\n\n\n\n<ul class=\"wp-block-list\">\n<li><strong>Las hojas<\/strong>\u2013 <em>feuilles<\/em><\/li>\n\n\n\n<li><strong>La calabaza <\/strong><em>citrouille, courge<\/em><\/li>\n\n\n\n<li><strong>El oto\u00f1o- <\/strong><em>automne<\/em><\/li>\n\n\n\n<li><strong>La estaci\u00f3n- <\/strong><em>saison (du temps)<\/em><\/li>\n\n\n\n<li><strong>La cosecha- <\/strong><em>r\u00e9colte<\/em><\/li>\n\n\n\n<li><strong>El espantap\u00e1jaros- <\/strong><em>\u00e9pouvantail<\/em><\/li>\n\n\n\n<li><strong>El cuervo- <\/strong><em>corbeau, corneille<\/em><\/li>\n\n\n\n<li><strong>El resfriado- <\/strong><em>le froid (maladie)<\/em><\/li>\n\n\n\n<li><strong>El abrigo- <\/strong><em>manteau<\/em><\/li>\n\n\n\n<li><strong>La tarta de manzana\/calabaza- <\/strong><em>Tarte aux pommes\/\u00e0 la citrouille<\/em><\/li>\n\n\n\n<li><strong>El equinoccio de oto\u00f1o- <\/strong><em><a href=\"https:\/\/www.britannica.com\/science\/autumnal-equinox\" target=\"_blank\" rel=\"noreferrer noopener\">\u00e9quinoxe d'automne<\/a><\/em><\/li>\n\n\n\n<li><strong>Las velas-<\/strong><em> bougies<\/em><\/li>\n<\/ul>\n\n\n\n<ul class=\"wp-block-list\">\n<li><strong>Cosechar<\/strong>\u2013 <em>pour r\u00e9colter<\/em><\/li>\n\n\n\n<li><strong>Cambiar- <\/strong><em>pour changer<\/em><\/li>\n\n\n\n<li><strong>Resfriarse- <\/strong><em>pour attraper un rhume<\/em><\/li>\n\n\n\n<li><strong>Rastrillar<\/strong><em>\u2013 to rake<\/em><\/li>\n\n\n\n<li><strong>Calentarse-<\/strong><em><strong> <\/strong>pour se r\u00e9chauffer<\/em><\/li>\n\n\n\n<li><strong>Llover-<\/strong> <em>\u00e0 la pluie<\/em><\/li>\n\n\n\n<li><strong>D\u00e9cor- <\/strong><em> pour d\u00e9corer<\/em><\/li>\n\n\n\n<li><strong>Caerse- <\/strong><em>pour tomber<\/em><\/li>\n<\/ul>\n\n\n\n<h2 class=\"wp-block-heading\">Phrases d'automne<\/h2>\n\n\n\n<ul class=\"wp-block-list\">\n<li><strong>Hace fresco- <\/strong><em>It\u2019s cool out.<\/em><\/li>\n\n\n\n<li><strong>Est\u00e1 lloviendo- <\/strong><em>It\u2019s raining.<\/em><\/li>\n\n\n\n<li><strong>\u00bfDe qu\u00e9 est\u00e1s agradecido?-<\/strong> <em>De quoi es-tu reconnaissant ?<\/em><\/li>\n\n\n\n<li><strong>El sol sale m\u00e1s tarde- <\/strong><em>Le soleil se montre plus tard.<\/em><\/li>\n\n\n\n<li><strong>El sol se pone m\u00e1s temprano- <\/strong><em>Le soleil se couche plus t\u00f4t.<\/em><\/li>\n\n\n\n<li><strong>\u00bfD\u00f3nde est\u00e1 mi chaqueta impermeable?- <\/strong><em>O\u00f9 est mon imperm\u00e9able ?<\/em><\/li>\n\n\n\n<li><strong>\u00bfTe gusta el oto\u00f1o?- <\/strong><em>Tu aimes l'automne ?<\/em><\/li>\n\n\n\n<li><strong>(Non)<\/strong> <strong>Me gusta el oto\u00f1o- <\/strong><em>I (don\u2019t) like the fall<\/em><\/li>\n\n\n\n<li><\/li>\n<\/ul>","protected":false},"excerpt":{"rendered":"<p>When the leaves change and the air gets crisp, it feels like we\u2019re stepping into a new world. Days are filled with different festivals and traditions, special meals and treats fill our kitchens. There are certainly foods, activities and descriptions you\u2019ll want to know, and these essential fall words will help you talk about your [&hellip;]<\/p>\n","protected":false},"author":24,"featured_media":12846,"comment_status":"open","ping_status":"open","sticky":false,"template":"","format":"standard","meta":{"_acf_changed":false,"_jetpack_memberships_contains_paid_content":false,"footnotes":""},"categories":[23,34,7,87,97,24],"tags":[516,48,75,63,49],"class_list":["post-12844","post","type-post","status-publish","format-standard","has-post-thumbnail","hentry","category-a1","category-b1","category-blog","category-language","category-spanish","category-vocabulary","tag-fall-words-and-phrases","tag-learn-spanish","tag-learn-spanish-online","tag-spanish-online","tag-spanish-vocabulary"],"acf":[],"jetpack_featured_media_url":"https:\/\/conversaspanishinstitute.com\/wp-content\/uploads\/2023\/09\/3.png","jetpack_sharing_enabled":true,"_links":{"self":[{"href":"https:\/\/conversaspanishinstitute.com\/fr\/wp-json\/wp\/v2\/posts\/12844","targetHints":{"allow":["GET"]}}],"collection":[{"href":"https:\/\/conversaspanishinstitute.com\/fr\/wp-json\/wp\/v2\/posts"}],"about":[{"href":"https:\/\/conversaspanishinstitute.com\/fr\/wp-json\/wp\/v2\/types\/post"}],"author":[{"embeddable":true,"href":"https:\/\/conversaspanishinstitute.com\/fr\/wp-json\/wp\/v2\/users\/24"}],"replies":[{"embeddable":true,"href":"https:\/\/conversaspanishinstitute.com\/fr\/wp-json\/wp\/v2\/comments?post=12844"}],"version-history":[{"count":0,"href":"https:\/\/conversaspanishinstitute.com\/fr\/wp-json\/wp\/v2\/posts\/12844\/revisions"}],"wp:featuredmedia":[{"embeddable":true,"href":"https:\/\/conversaspanishinstitute.com\/fr\/wp-json\/wp\/v2\/media\/12846"}],"wp:attachment":[{"href":"https:\/\/conversaspanishinstitute.com\/fr\/wp-json\/wp\/v2\/media?parent=12844"}],"wp:term":[{"taxonomy":"category","embeddable":true,"href":"https:\/\/conversaspanishinstitute.com\/fr\/wp-json\/wp\/v2\/categories?post=12844"},{"taxonomy":"post_tag","embeddable":true,"href":"https:\/\/conversaspanishinstitute.com\/fr\/wp-json\/wp\/v2\/tags?post=12844"}],"curies":[{"name":"wp","href":"https:\/\/api.w.org\/{rel}","templated":true}]}}