{"id":17646,"date":"2025-02-17T23:29:54","date_gmt":"2025-02-17T22:29:54","guid":{"rendered":"https:\/\/conversaspanishinstitute.com\/?p=17646"},"modified":"2025-02-17T23:29:56","modified_gmt":"2025-02-17T22:29:56","slug":"fais-les-soldes-facilement-grace-a-ces-mots-de-vocabulaire-sur-le-shopping","status":"publish","type":"post","link":"https:\/\/conversaspanishinstitute.com\/fr\/blog\/fais-les-soldes-facilement-grace-a-ces-mots-de-vocabulaire-sur-le-shopping\/","title":{"rendered":"Fais les soldes avec facilit\u00e9 gr\u00e2ce \u00e0 ces mots de vocabulaire sur le shopping."},"content":{"rendered":"<!--?xml encoding=\"utf-8\" ?--><p>Je me souviens d'\u00eatre arriv\u00e9e \u00e0 Salamanque pour mon semestre d'\u00e9tudes \u00e0 l'\u00e9tranger et d'avoir vu le mot \"-\". <em>rebajas<\/em> dans presque toutes les fen\u00eatres de la rue Toro au mois de f\u00e9vrier. <strong>Ces panneaux annon\u00e7aient la fin de la saison de la mode hivernale avec des r\u00e9ductions \u00e0 gogo, pour laisser place aux tendances printani\u00e8res<\/strong>. After all, I learned that lots of Spaniards \u201cdress for the season, not the weather\u201d, a culture shock coming from the Midwest in the United States where many of us prioritized function over fashion.<\/p>\n\n\n\n<p>J'aurais aim\u00e9 conna\u00eetre un peu de ce vocabulaire de magasinage \u00e0 l'\u00e9poque pour pouvoir naviguer plus facilement dans les rayons. Tu trouveras ci-dessous quelques mots et expressions cl\u00e9s \u00e0 surveiller et qui pourraient t'aider \u00e0 communiquer dans un magasin. <em>tienda de ropa<\/em>. <\/p>\n\n\n\n<h2 class=\"wp-block-heading\">Vocabulaire de base des achats en espagnol<\/h2>\n\n\n\n<ul class=\"wp-block-list\">\n<li><strong>De moda-<\/strong> <em>\u00e0 la mode, tendance<\/em>\n<ul class=\"wp-block-list\">\n<li>Note : le plus souvent utilis\u00e9 avec <a href=\"https:\/\/conversaspanishinstitute.com\/fr\/blog\/etre-ou-etre-ser-vs-estar\/\" target=\"_blank\" aria-label=\"le verbe estar (s&#039;ouvre dans un nouvel onglet)\" rel=\"noreferrer noopener\" class=\"ek-link\">le verbe <em>\u00eatre<\/em><\/a>, since what\u2019s trendy can change easily!<\/li>\n<\/ul>\n<\/li>\n\n\n\n<li><strong>La ropa-<\/strong> <em>v\u00eatements<\/em><\/li>\n\n\n\n<li><strong>La tienda...<\/strong> <em>magasin<\/em><\/li>\n\n\n\n<li><strong>Las rebajas- <\/strong><em>ventes<\/em><\/li>\n\n\n\n<li><strong>El descuento- <\/strong><em>r\u00e9duction<\/em><\/li>\n\n\n\n<li><strong>Abierto- <\/strong><em>ouvrir<\/em><\/li>\n\n\n\n<li><strong>Cerrado<\/strong><em> ferm\u00e9<\/em><\/li>\n\n\n\n<li><strong>Horario de atenci\u00f3n-<\/strong> <em>heures d'ouverture<\/em><\/li>\n\n\n\n<li><strong>Ir de compras- <\/strong><em>pour faire du shopping<\/em><\/li>\n\n\n\n<li><strong>Tejido\/a-<\/strong> <em>tricot\u00e9<\/em><\/li>\n\n\n\n<li><strong>La tela- <\/strong><em>tissu<\/em>\n<ul class=\"wp-block-list\">\n<li>Note: \u201cLa f\u00e1brica\u201d is a <a aria-label=\" (s&#039;ouvre dans un nouvel onglet)\" href=\"https:\/\/conversaspanishinstitute.com\/fr\/blog\/faux-amis\/\" target=\"_blank\" rel=\"noreferrer noopener\" class=\"ek-link\">faux cognat<\/a> meaning \u201cfactory\u201d!<\/li>\n<\/ul>\n<\/li>\n\n\n\n<li><strong>La talla... <\/strong><em>taille des v\u00eatements<\/em>\n<ul class=\"wp-block-list\">\n<li>Note : Pour la taille des chaussures, tu peux utiliser <em>el n\u00famero.<\/em> Demande la taille de tout le reste ? Utilise <em>el tama\u00f1o.<\/em><\/li>\n<\/ul>\n<\/li>\n\n\n\n<li><strong>Suelto\/a- <\/strong><em>en vrac<\/em><\/li>\n\n\n\n<li><strong>Apretado\/a- <\/strong><em>serr\u00e9<\/em><\/li>\n<\/ul>\n\n\n\n<h2 class=\"wp-block-heading\">Phrases d'achat courantes<\/h2>\n\n\n\n<div class=\"internal-linking-related-contents-pro\"><a href=\"https:\/\/conversaspanishinstitute.com\/fr\/blog\/faux-amis\/\" class=\"template-4\"><img width=\"250\" height=\"159\" src=\"https:\/\/conversaspanishinstitute.com\/wp-content\/uploads\/2017\/11\/CONVERSA-false-friends.png\" class=\"alignleft wp-post-image\" alt=\"CONVERSA espagnol anglais faux amis\" srcset=\"https:\/\/conversaspanishinstitute.com\/wp-content\/uploads\/2017\/11\/CONVERSA-false-friends.png 825w, https:\/\/conversaspanishinstitute.com\/wp-content\/uploads\/2017\/11\/CONVERSA-false-friends-600x382.png 600w, https:\/\/conversaspanishinstitute.com\/wp-content\/uploads\/2017\/11\/CONVERSA-false-friends-300x191.png 300w, https:\/\/conversaspanishinstitute.com\/wp-content\/uploads\/2017\/11\/CONVERSA-false-friends-768x489.png 768w\" sizes=\"(max-width: 250px) 100vw, 250px\"><div class=\"postTitle\"><span><strong>Lire la suite<\/strong>Vid\u00e9o : Faux amis espagnol-anglais<\/span><\/div><\/a><\/div><p>Ces phrases peuvent \u00eatre utiles dans divers contextes, notamment dans un magasin de v\u00eatements. Tu pourrais les utiliser avec tes amis dans la cabine d'essayage ou avec un employ\u00e9 du magasin.<\/p>\n\n\n\n<ul class=\"wp-block-list\">\n<li><strong>\u00bfC\u00f3mo me queda?- <\/strong><em>En quoi cela me convient-il ?<\/em><\/li>\n\n\n\n<li><strong>Te queda bien\/mal.-<\/strong><em> Il te va bien\/mal.<\/em>\n<ul class=\"wp-block-list\">\n<li>Note : <em>Quedarse<\/em> est un verbe r\u00e9fl\u00e9chi.<\/li>\n<\/ul>\n<\/li>\n\n\n\n<li><strong>\u00bfPuedo prob\u00e1rmelo\/la?- <\/strong><em>Puis-je l'essayer sur<\/em>?<\/li>\n\n\n\n<li><strong>\u00bfCu\u00e1nto cuesta? \/ \u00bfCu\u00e1nto vale?- <\/strong><em>Combien cela co\u00fbte-t-il ?<\/em><\/li>\n\n\n\n<li><strong>S\u00f3lo hecho un vistazo.<\/strong>\u2013 <em>I\u2019m just looking.<\/em><\/li>\n\n\n\n<li><strong>\u00bfTienes cambio?- <\/strong><em>As-tu de la monnaie ?<\/em><\/li>\n\n\n\n<li><strong>C\u00e1mbiame ese, por favor- <\/strong><em>Change celle-l\u00e0 pour moi, s'il te pla\u00eet.<\/em><\/li>\n<\/ul>\n\n\n\n<p>I hope you have a great time shopping the sales and feel much more confident in the store. With some practice, soon these phrases will feel like second nature. \u00a1Divi\u00e9rtete!<\/p>","protected":false},"excerpt":{"rendered":"<p>Je me souviens d'\u00eatre arriv\u00e9e \u00e0 Salamanque pour mon semestre \u00e0 l'\u00e9tranger et d'avoir vu le mot rebajas dans presque toutes les vitrines de la Calle Toro au mois de f\u00e9vrier. Ces panneaux annon\u00e7aient la fin de la saison de la mode hivernale avec des r\u00e9ductions \u00e0 gogo, pour laisser place aux tendances printani\u00e8res. Apr\u00e8s tout, j'ai appris que beaucoup d'Espagnols \"s'habillent [...]<\/p>","protected":false},"author":24,"featured_media":17649,"comment_status":"open","ping_status":"open","sticky":false,"template":"","format":"standard","meta":{"_acf_changed":false,"_jetpack_memberships_contains_paid_content":false,"footnotes":""},"categories":[23,34,7,87,97,114,24],"tags":[75,49,103],"class_list":["post-17646","post","type-post","status-publish","format-standard","has-post-thumbnail","hentry","category-a1","category-b1","category-blog","category-language","category-spanish","category-traveling","category-vocabulary","tag-learn-spanish-online","tag-spanish-vocabulary","tag-traveling-abroad"],"acf":[],"jetpack_featured_media_url":"https:\/\/conversaspanishinstitute.com\/wp-content\/uploads\/2025\/02\/The-Emotional-Rollercoaster-of-Learning-a-New-Language.png","jetpack_sharing_enabled":true,"_links":{"self":[{"href":"https:\/\/conversaspanishinstitute.com\/fr\/wp-json\/wp\/v2\/posts\/17646","targetHints":{"allow":["GET"]}}],"collection":[{"href":"https:\/\/conversaspanishinstitute.com\/fr\/wp-json\/wp\/v2\/posts"}],"about":[{"href":"https:\/\/conversaspanishinstitute.com\/fr\/wp-json\/wp\/v2\/types\/post"}],"author":[{"embeddable":true,"href":"https:\/\/conversaspanishinstitute.com\/fr\/wp-json\/wp\/v2\/users\/24"}],"replies":[{"embeddable":true,"href":"https:\/\/conversaspanishinstitute.com\/fr\/wp-json\/wp\/v2\/comments?post=17646"}],"version-history":[{"count":3,"href":"https:\/\/conversaspanishinstitute.com\/fr\/wp-json\/wp\/v2\/posts\/17646\/revisions"}],"predecessor-version":[{"id":17650,"href":"https:\/\/conversaspanishinstitute.com\/fr\/wp-json\/wp\/v2\/posts\/17646\/revisions\/17650"}],"wp:featuredmedia":[{"embeddable":true,"href":"https:\/\/conversaspanishinstitute.com\/fr\/wp-json\/wp\/v2\/media\/17649"}],"wp:attachment":[{"href":"https:\/\/conversaspanishinstitute.com\/fr\/wp-json\/wp\/v2\/media?parent=17646"}],"wp:term":[{"taxonomy":"category","embeddable":true,"href":"https:\/\/conversaspanishinstitute.com\/fr\/wp-json\/wp\/v2\/categories?post=17646"},{"taxonomy":"post_tag","embeddable":true,"href":"https:\/\/conversaspanishinstitute.com\/fr\/wp-json\/wp\/v2\/tags?post=17646"}],"curies":[{"name":"wp","href":"https:\/\/api.w.org\/{rel}","templated":true}]}}