{"id":12844,"date":"2023-09-30T21:00:00","date_gmt":"2023-09-30T21:00:00","guid":{"rendered":"https:\/\/conversaspanishinstitute.com\/?p=12844"},"modified":"2023-09-30T17:34:09","modified_gmt":"2023-09-30T17:34:09","slug":"niezbedne-jesienne-slowa-i-zwroty","status":"publish","type":"post","link":"https:\/\/conversaspanishinstitute.com\/pl\/blog\/essential-fall-words-and-phrases\/","title":{"rendered":"Niezb\u0119dne jesienne s\u0142owa i zwroty"},"content":{"rendered":"<!--?xml encoding=\"utf-8\" ?--><p>When the leaves change and the air gets crisp, it feels like we\u2019re stepping into a new world. Days are filled with <a href=\"https:\/\/conversaspanishinstitute.com\/pl\/blog\/rok-wakacji-po-hiszpansku\/\" target=\"_blank\" rel=\"noreferrer noopener\" title=\"Rok wakacji po hiszpa\u0144sku\">r\u00f3\u017cne festiwale i tradycje<\/a>Jesieni\u0105 nasze kuchnie wype\u0142niaj\u0105 specjalne posi\u0142ki i smako\u0142yki. Z pewno\u015bci\u0105 istniej\u0105 potrawy, czynno\u015bci i opisy, kt\u00f3re b\u0119dziesz chcia\u0142 pozna\u0107, a te niezb\u0119dne jesienne s\u0142owa pomog\u0105 Ci rozmawia\u0107 o swoich ulubionych rzeczach.<\/p>\n\n\n\n<p>Nie ma w\u0105tpliwo\u015bci, \u017ce jesie\u0144 wygl\u0105da inaczej w zale\u017cno\u015bci od Twojego pochodzenia, miejsca na \u015bwiecie i osobistych zainteresowa\u0144. Ka\u017cde miasto, czy to w kraju hiszpa\u0144skoj\u0119zycznym, czy nie, b\u0119dzie mia\u0142o unikalne cechy, kt\u00f3re odr\u00f3\u017cniaj\u0105 je od reszty. Mamy nadziej\u0119, \u017ce poni\u017csze jesienne s\u0142owa wzbudz\u0105 Twoje zainteresowanie, aby dowiedzie\u0107 si\u0119 wi\u0119cej o tym, co lubisz (lub czego nie lubisz) w tej porze roku.<\/p>\n\n\n\n<h2 class=\"wp-block-heading\">Niezb\u0119dne jesienne s\u0142owa<\/h2>\n\n\n\n<ul class=\"wp-block-list\">\n<li><strong>Las hojas<\/strong>\u2013 <em>li\u015bcie<\/em><\/li>\n\n\n\n<li><strong>La calabaza- <\/strong><em>dynia, tykwa<\/em><\/li>\n\n\n\n<li><strong>El oto\u00f1o- <\/strong><em>jesie\u0144<\/em><\/li>\n\n\n\n<li><strong>La estaci\u00f3n- <\/strong><em>pora roku (pogody)<\/em><\/li>\n\n\n\n<li><strong>La cosecha- <\/strong><em>zbiory<\/em><\/li>\n\n\n\n<li><strong>El espantap\u00e1jaros- <\/strong><em>strach na wr\u00f3ble<\/em><\/li>\n\n\n\n<li><strong>El cuervo- <\/strong><em>wrona, kruk<\/em><\/li>\n\n\n\n<li><strong>El resfriado- <\/strong><em>przezi\u0119bienie (choroba)<\/em><\/li>\n\n\n\n<li><strong>El abrigo- <\/strong><em>p\u0142aszcz<\/em><\/li>\n\n\n\n<li><strong>La tarta de manzana\/calabaza-. <\/strong><em>Ciasto jab\u0142kowe\/dyniowe<\/em><\/li>\n\n\n\n<li><strong>El equinoccio de oto\u00f1o- <\/strong><em><a href=\"https:\/\/www.britannica.com\/science\/autumnal-equinox\" target=\"_blank\" rel=\"noreferrer noopener\">r\u00f3wnonoc jesienna<\/a><\/em><\/li>\n\n\n\n<li><strong>Las velas-<\/strong><em> \u015bwiece<\/em><\/li>\n<\/ul>\n\n\n\n<ul class=\"wp-block-list\">\n<li><strong>Cosechar<\/strong>\u2013 <em>do zbioru<\/em><\/li>\n\n\n\n<li><strong>Cambiar- <\/strong><em>zmieni\u0107<\/em><\/li>\n\n\n\n<li><strong>Resfriarse- <\/strong><em>przezi\u0119bi\u0107 si\u0119<\/em><\/li>\n\n\n\n<li><strong>Rastrillar<\/strong><em>\u2013 to rake<\/em><\/li>\n\n\n\n<li><strong>Calentarse-<\/strong><em><strong> <\/strong>aby si\u0119 rozgrza\u0107<\/em><\/li>\n\n\n\n<li><strong>Llover-<\/strong> <em>do deszczu<\/em><\/li>\n\n\n\n<li><strong>Decorar- <\/strong><em> do dekoracji<\/em><\/li>\n\n\n\n<li><strong>Caerse- <\/strong><em>spa\u015b\u0107<\/em><\/li>\n<\/ul>\n\n\n\n<h2 class=\"wp-block-heading\">Zwroty jesienne<\/h2>\n\n\n\n<ul class=\"wp-block-list\">\n<li><strong>Hace fresco- <\/strong><em>It\u2019s cool out.<\/em><\/li>\n\n\n\n<li><strong>Est\u00e1 lloviendo- <\/strong><em>It\u2019s raining.<\/em><\/li>\n\n\n\n<li><strong>\u00bfDe qu\u00e9 est\u00e1s agradecido?-<\/strong> <em>Za co jeste\u015b wdzi\u0119czny?<\/em><\/li>\n\n\n\n<li><strong>El sol sale m\u00e1s tarde- <\/strong><em>S\u0142o\u0144ce wychodzi p\u00f3\u017aniej.<\/em><\/li>\n\n\n\n<li><strong>El sol se pone m\u00e1s temprano- <\/strong><em>S\u0142o\u0144ce zachodzi wcze\u015bniej.<\/em><\/li>\n\n\n\n<li><strong>\u00bfD\u00f3nde est\u00e1 mi chaqueta impermeable?- <\/strong><em>Gdzie jest m\u00f3j p\u0142aszcz przeciwdeszczowy?<\/em><\/li>\n\n\n\n<li><strong>\u00bfTe gusta el oto\u00f1o?- <\/strong><em>Lubisz jesie\u0144?<\/em><\/li>\n\n\n\n<li><strong>(Nie)<\/strong> <strong>Me gusta el oto\u00f1o- <\/strong><em>I (don\u2019t) like the fall<\/em><\/li>\n\n\n\n<li><\/li>\n<\/ul>","protected":false},"excerpt":{"rendered":"<p>When the leaves change and the air gets crisp, it feels like we\u2019re stepping into a new world. Days are filled with different festivals and traditions, special meals and treats fill our kitchens. There are certainly foods, activities and descriptions you\u2019ll want to know, and these essential fall words will help you talk about your [&hellip;]<\/p>\n","protected":false},"author":24,"featured_media":12846,"comment_status":"open","ping_status":"open","sticky":false,"template":"","format":"standard","meta":{"_acf_changed":false,"_jetpack_memberships_contains_paid_content":false,"footnotes":""},"categories":[23,34,7,87,97,24],"tags":[516,48,75,63,49],"class_list":["post-12844","post","type-post","status-publish","format-standard","has-post-thumbnail","hentry","category-a1","category-b1","category-blog","category-language","category-spanish","category-vocabulary","tag-fall-words-and-phrases","tag-learn-spanish","tag-learn-spanish-online","tag-spanish-online","tag-spanish-vocabulary"],"acf":[],"jetpack_featured_media_url":"https:\/\/conversaspanishinstitute.com\/wp-content\/uploads\/2023\/09\/3.png","jetpack_sharing_enabled":true,"_links":{"self":[{"href":"https:\/\/conversaspanishinstitute.com\/pl\/wp-json\/wp\/v2\/posts\/12844","targetHints":{"allow":["GET"]}}],"collection":[{"href":"https:\/\/conversaspanishinstitute.com\/pl\/wp-json\/wp\/v2\/posts"}],"about":[{"href":"https:\/\/conversaspanishinstitute.com\/pl\/wp-json\/wp\/v2\/types\/post"}],"author":[{"embeddable":true,"href":"https:\/\/conversaspanishinstitute.com\/pl\/wp-json\/wp\/v2\/users\/24"}],"replies":[{"embeddable":true,"href":"https:\/\/conversaspanishinstitute.com\/pl\/wp-json\/wp\/v2\/comments?post=12844"}],"version-history":[{"count":0,"href":"https:\/\/conversaspanishinstitute.com\/pl\/wp-json\/wp\/v2\/posts\/12844\/revisions"}],"wp:featuredmedia":[{"embeddable":true,"href":"https:\/\/conversaspanishinstitute.com\/pl\/wp-json\/wp\/v2\/media\/12846"}],"wp:attachment":[{"href":"https:\/\/conversaspanishinstitute.com\/pl\/wp-json\/wp\/v2\/media?parent=12844"}],"wp:term":[{"taxonomy":"category","embeddable":true,"href":"https:\/\/conversaspanishinstitute.com\/pl\/wp-json\/wp\/v2\/categories?post=12844"},{"taxonomy":"post_tag","embeddable":true,"href":"https:\/\/conversaspanishinstitute.com\/pl\/wp-json\/wp\/v2\/tags?post=12844"}],"curies":[{"name":"wp","href":"https:\/\/api.w.org\/{rel}","templated":true}]}}